{"id":13881,"date":"2025-11-24T21:59:19","date_gmt":"2025-11-25T03:59:19","guid":{"rendered":"https:\/\/eblaw.com.mx\/?p=13881"},"modified":"2025-11-24T22:01:17","modified_gmt":"2025-11-25T04:01:17","slug":"proteccion-juridica-de-arrendamiento","status":"publish","type":"post","link":"https:\/\/eblaw.com.mx\/en\/proteccion-juridica-de-arrendamiento\/","title":{"rendered":"Protecci\u00f3n Jur\u00eddica de Arrendamiento: la tranquilidad que una propietaria merec\u00eda"},"content":{"rendered":"<p>Previo a que <strong>Mariana<\/strong>, una empresaria con m\u00e1s de 5 locales comerciales, contratar\u00e1 los servicios de <strong>Esponda Abogados<\/strong>, para la Protecci\u00f3n Jur\u00eddica de Arrendamiento, ven\u00eda totalmente agotada. Durante a\u00f1os hab\u00eda lidiado con el mismo ciclo desgastante:<\/p>\n\n\n\n<ul class=\"wp-block-list\">\n<li>Inquilinos que pagaban tarde;<\/li>\n\n\n\n<li>Otros que simplemente dejaban de pagar,<\/li>\n\n\n\n<li>Locales ocupados por negocios pr\u00e1cticamente abandonados, y<\/li>\n\n\n\n<li>Contratos de arrendamiento mal hechos que no le daban ninguna herramienta para actuar.<\/li>\n<\/ul>\n\n\n\n<p>Me lo dijo sin rodeos:<\/p>\n\n\n\n<blockquote class=\"wp-block-quote has-medium-font-size is-layout-flow wp-block-quote-is-layout-flow\">\n<p class=\"has-text-align-center\"><em>\u201cYa no quiero seguir perdiendo dinero ni tiempo. Si sigo as\u00ed, voy a terminar cerrando mis operaciones\u201d.<\/em><\/p>\n<\/blockquote>\n\n\n\n<p>Y lo peor: <strong>ninguno de esos casos hab\u00eda podido resolverse porque ella cre\u00eda que la \u00fanica salida era un litigio largo, costoso y desgastante<\/strong>.<\/p>\n\n\n\n<p>Ten\u00eda miedo de iniciar juicios que se prolongaran a\u00f1os. Pero lo que no sab\u00eda es que <strong>no siempre se necesita litigar para recuperar un inmueble<\/strong>.<\/p>\n\n\n\n<h2 class=\"wp-block-heading\"><strong>1. Diagn\u00f3stico: identificamos el verdadero origen del problema<\/strong><\/h2>\n\n\n\n<p>Lo primero que hicimos en Esponda Abogados fue lo que pocos despachos se toman el tiempo de hacer:<\/p>\n\n\n\n<h3 class=\"wp-block-heading\"><strong>Un due diligence completo:<\/strong><\/h3>\n\n\n\n<p>Revisamos uno por uno:<\/p>\n\n\n\n<ul class=\"wp-block-list\">\n<li>Sus <strong>contratos de arrendamiento<\/strong>;<\/li>\n\n\n\n<li>Las <strong>garant\u00edas<\/strong>;<\/li>\n\n\n\n<li>Las <strong>cl\u00e1usulas de incumplimiento<\/strong>;<\/li>\n\n\n\n<li>Las <strong>fechas<\/strong>;<\/li>\n\n\n\n<li>Los <strong>pagos<\/strong>;<\/li>\n\n\n\n<li>Las <strong>firman mal hechas<\/strong>, y<\/li>\n\n\n\n<li>Y hasta las anotaciones a mano que alguien hab\u00eda agregado a\u00f1os atr\u00e1s.<\/li>\n<\/ul>\n\n\n\n<p>El resultado fue evidente: <strong>Ninguno de los contratos estaba verdaderamente blindado.<\/strong><br>Por tanto, algunos permit\u00edan interpretaciones ambiguas, otros ya estaban vencidos y otros eran literalmente hojas de internet con firmas escaneadas.<\/p>\n\n\n\n<p>Pero eso no fue todo.<\/p>\n\n\n\n<p>Tambi\u00e9n, realizamos las <strong>investigaciones de los arrendatarios y de los obligados solidarios<\/strong>:<\/p>\n\n\n\n<ul class=\"wp-block-list\">\n<li>Historial de juicios;<\/li>\n\n\n\n<li>Domicilios reales;<\/li>\n\n\n\n<li>Declaraciones fiscales;<\/li>\n\n\n\n<li>Reportes crediticios, y<\/li>\n\n\n\n<li>Antecedentes de incumplimiento en otros inmuebles.<\/li>\n<\/ul>\n\n\n\n<p>Y ah\u00ed encontramos la ra\u00edz de la mayor\u00eda de sus problemas: <strong>muchos arrendatarios ya ten\u00edan un historial de desalojo o adeudos, pero nadie hab\u00eda verificado nada al ingresar.<\/strong><\/p>\n\n\n\n<h2 class=\"wp-block-heading\"><strong>2. Recuperaci\u00f3n de los inmuebles\u2026 sin litigar un solo d\u00eda<\/strong><\/h2>\n\n\n\n<p>A partir de la due diligence tomamos una decisi\u00f3n estrat\u00e9gica:<\/p>\n\n\n\n<h3 class=\"wp-block-heading\"><strong>Regularizar jur\u00eddicamente los arrendamientos sin entrar en juicio.<\/strong><\/h3>\n\n\n\n<p>Para eso, elaboramos un <strong>convenio modificatorio integral<\/strong> que:<\/p>\n\n\n\n<ul class=\"wp-block-list\">\n<li>Fortalec\u00eda las obligaciones de pago;<\/li>\n\n\n\n<li>Actualizaba plazos;<\/li>\n\n\n\n<li>Permit\u00eda terminaciones anticipadas;<\/li>\n\n\n\n<li>Incorporaba nuevas garant\u00edas, y<\/li>\n\n\n\n<li>Y obligaba a los arrendatarios a reconocer adeudos pendientes.<\/li>\n<\/ul>\n\n\n\n<p>Enseguida, iniciamos un proceso formal de requerimientos jur\u00eddicos <strong>totalmente alineado con la ley<\/strong>, pero con un tono estrat\u00e9gico:<\/p>\n\n\n\n<p class=\"has-text-align-center\"><strong><em>Suficiente para presionar<br>pero no para litigar.<\/em><\/strong><\/p>\n\n\n\n<p>\u00bfEl resultado?<\/p>\n\n\n\n<h3 class=\"wp-block-heading\"><strong>Los arrendatarios desocuparon voluntariamente los locales en un plazo corto<\/strong>, uno tras otro,<\/h3>\n\n\n\n<p><strong>sin presentar resistencia<\/strong>,<br><strong>sin acudir a juicio<\/strong>,<br><strong>sin meses de desgaste<\/strong>.<\/p>\n\n\n\n<p>Mariana no lo pod\u00eda creer.<\/p>\n\n\n\n<p>Nos lo dijo as\u00ed:<\/p>\n\n\n\n<blockquote class=\"wp-block-quote is-layout-flow wp-block-quote-is-layout-flow\">\n<p class=\"has-text-align-center\"><em>\u201cPens\u00e9 que recuperar mis locales era imposible sin demandar. No imaginaba que exist\u00eda un m\u00e9todo legal tan ordenado y tan r\u00e1pido\u201d.<\/em><\/p>\n<\/blockquote>\n\n\n\n<h2 class=\"wp-block-heading\"><strong>3. Blindaje futuro: Protecci\u00f3n Jur\u00eddica de Arrendamiento para todos sus contratos<\/strong><\/h2>\n\n\n\n<p>Una vez recuperados varios locales, quedaba el paso m\u00e1s importante:<\/p>\n\n\n\n<h3 class=\"wp-block-heading\"><strong>Evitar que la historia se repitiera.<\/strong><\/h3>\n\n\n\n<p>Por tanto:<\/p>\n\n\n\n<ul class=\"wp-block-list\">\n<li>Reescribimos todos los contratos bajo el modelo de <strong>Protecci\u00f3n Jur\u00eddica de Arrendamiento<\/strong>;<\/li>\n\n\n\n<li>Establecimos un protocolo obligatorio de <strong>investigaci\u00f3n previa<\/strong> para nuevos arrendatarios y obligados solidarios;<\/li>\n\n\n\n<li>Selecci\u00f3n de los perfiles del futuros arrendatarios, y<\/li>\n\n\n\n<li>Y dejamos lineamientos claros para la <strong>gesti\u00f3n mensual<\/strong> del arrendamiento.<\/li>\n<\/ul>\n\n\n\n<p>Firmado el convenio modificatorio general, todos sus arrendatarios quedaron regularizados, actualizados y con obligaciones claras.<\/p>\n\n\n\n<h2 class=\"wp-block-heading\"><strong>4. El resultado: 0 problemas en m\u00e1s de 18 meses<\/strong><\/h2>\n\n\n\n<p>Finalmente, hoy, m\u00e1s de a\u00f1o y medio despu\u00e9s, <strong>Mariana no ha tenido un solo problema<\/strong> con sus arrendamientos:<\/p>\n\n\n\n<ul class=\"wp-block-list\">\n<li>Todos pagan puntualmente,<\/li>\n\n\n\n<li>Los contratos est\u00e1n blindados,<\/li>\n\n\n\n<li>Los arrendatarios cumplen,<\/li>\n\n\n\n<li>Y su cartera comercial es estable y rentable.<\/li>\n<\/ul>\n\n\n\n<p>A veces nos env\u00eda mensajes diciendo:<\/p>\n\n\n\n<blockquote class=\"wp-block-quote is-layout-flow wp-block-quote-is-layout-flow\">\n<p>\u201cSi hubiera sabido que pod\u00eda tener mis locales as\u00ed desde el inicio, lo habr\u00eda hecho a\u00f1os antes\u201d.<\/p>\n<\/blockquote>\n\n\n\n<p>Este caso lo demuestra con claridad:<\/p>\n\n\n\n<h3 class=\"wp-block-heading has-text-align-center\">Un arrendamiento sin problemas no es suerte. Es estrategia jur\u00eddica<\/h3>\n\n\n\n<p>Hoy, aquella arrendadora que antes viv\u00eda con el temor constante de un nuevo incumplimiento, disfruta de <strong>contratos blindados, procesos claros y arrendatarios plenamente identificados y evaluados<\/strong>. No volvi\u00f3 a tener problemas, ni a perder ingresos tampoco tiempo. <\/p>\n\n\n\n<p><strong>Porque cuando se previene, no se litiga. Y cuando se hace bien, se hace una sola vez.<\/strong><\/p>\n\n\n\n<p>Si t\u00fa tambi\u00e9n tienes inmuebles que te generan estr\u00e9s, arrendatarios que no respetan los contratos, o sospechas que tus documentos est\u00e1n desactualizados o mal redactados\u2026<\/p>\n\n\n\n<p><strong>No esperes al siguiente incumplimiento. Det\u00e9n la fuga de dinero hoy.<\/strong><\/p>\n\n\n\n<p>\ud83d\udc49 <strong>Agenda AHORA tu diagn\u00f3stico legal de arrendamiento con Esponda Abogados y evita el pr\u00f3ximo problema antes de que exista.<\/strong><br><\/p>","protected":false},"excerpt":{"rendered":"<p>Previo a que Mariana, una empresaria con m\u00e1s de 5&hellip;<\/p>\n<p> <a class=\"more-link\" href=\"https:\/\/eblaw.com.mx\/en\/proteccion-juridica-de-arrendamiento\/\">Read more<\/a><\/p>","protected":false},"author":2,"featured_media":13884,"comment_status":"open","ping_status":"open","sticky":false,"template":"","format":"standard","meta":{"footnotes":""},"categories":[63,67,1],"tags":[],"class_list":{"0":"post-13881","1":"post","2":"type-post","3":"status-publish","4":"format-standard","5":"has-post-thumbnail","7":"category-contratos","8":"category-derecho-inmobiliario","9":"category-uncategorized"},"yoast_head":"<!-- This site is optimized with the Yoast SEO plugin v25.5 - https:\/\/yoast.com\/wordpress\/plugins\/seo\/ -->\n<title>Protecci\u00f3n Jur\u00eddica de Arrendamiento: la tranquilidad que una propietaria merec\u00eda<\/title>\n<meta name=\"description\" content=\"Describir un caso de \u00e9xito relacionado con la Protecci\u00f3n Jur\u00eddica de Arrendamiento en relaci\u00f3n con unos locales comerciales\" \/>\n<meta name=\"robots\" content=\"index, follow, max-snippet:-1, max-image-preview:large, max-video-preview:-1\" \/>\n<link rel=\"canonical\" href=\"https:\/\/eblaw.com.mx\/en\/proteccion-juridica-de-arrendamiento\/\" \/>\n<meta property=\"og:locale\" content=\"en_US\" \/>\n<meta property=\"og:type\" content=\"article\" \/>\n<meta property=\"og:title\" content=\"Protecci\u00f3n Jur\u00eddica de Arrendamiento: la tranquilidad que una propietaria merec\u00eda\" \/>\n<meta property=\"og:description\" content=\"Describir un caso de \u00e9xito relacionado con la Protecci\u00f3n Jur\u00eddica de Arrendamiento en relaci\u00f3n con unos locales comerciales\" \/>\n<meta property=\"og:url\" content=\"https:\/\/eblaw.com.mx\/en\/proteccion-juridica-de-arrendamiento\/\" \/>\n<meta property=\"og:site_name\" content=\"Esponda Betancourt\" \/>\n<meta property=\"article:published_time\" content=\"2025-11-25T03:59:19+00:00\" \/>\n<meta property=\"article:modified_time\" content=\"2025-11-25T04:01:17+00:00\" \/>\n<meta property=\"og:image\" content=\"https:\/\/eblaw.com.mx\/wp-content\/uploads\/2025\/11\/001A-Poliza-arrendamiento-1.jpg\" \/>\n\t<meta property=\"og:image:width\" content=\"600\" \/>\n\t<meta property=\"og:image:height\" content=\"386\" \/>\n\t<meta property=\"og:image:type\" content=\"image\/jpeg\" \/>\n<meta name=\"author\" content=\"eblaw\" \/>\n<meta name=\"twitter:card\" content=\"summary_large_image\" \/>\n<meta name=\"twitter:label1\" content=\"Written by\" \/>\n\t<meta name=\"twitter:data1\" content=\"eblaw\" \/>\n\t<meta name=\"twitter:label2\" content=\"Est. reading time\" \/>\n\t<meta name=\"twitter:data2\" content=\"4 minutes\" \/>\n<script type=\"application\/ld+json\" class=\"yoast-schema-graph\">{\"@context\":\"https:\/\/schema.org\",\"@graph\":[{\"@type\":\"Article\",\"@id\":\"https:\/\/eblaw.com.mx\/proteccion-juridica-de-arrendamiento\/#article\",\"isPartOf\":{\"@id\":\"https:\/\/eblaw.com.mx\/proteccion-juridica-de-arrendamiento\/\"},\"author\":{\"name\":\"eblaw\",\"@id\":\"https:\/\/eblaw.com.mx\/#\/schema\/person\/11d2e0dcd66af9080508f6b306697e70\"},\"headline\":\"Protecci\u00f3n Jur\u00eddica de Arrendamiento: la tranquilidad que una propietaria merec\u00eda\",\"datePublished\":\"2025-11-25T03:59:19+00:00\",\"dateModified\":\"2025-11-25T04:01:17+00:00\",\"mainEntityOfPage\":{\"@id\":\"https:\/\/eblaw.com.mx\/proteccion-juridica-de-arrendamiento\/\"},\"wordCount\":783,\"commentCount\":0,\"publisher\":{\"@id\":\"https:\/\/eblaw.com.mx\/#organization\"},\"image\":{\"@id\":\"https:\/\/eblaw.com.mx\/proteccion-juridica-de-arrendamiento\/#primaryimage\"},\"thumbnailUrl\":\"https:\/\/eblaw.com.mx\/wp-content\/uploads\/2025\/11\/001A-Poliza-arrendamiento-1.jpg\",\"articleSection\":[\"Contratos\",\"Derecho inmobiliario\"],\"inLanguage\":\"en-US\",\"potentialAction\":[{\"@type\":\"CommentAction\",\"name\":\"Comment\",\"target\":[\"https:\/\/eblaw.com.mx\/proteccion-juridica-de-arrendamiento\/#respond\"]}]},{\"@type\":\"WebPage\",\"@id\":\"https:\/\/eblaw.com.mx\/proteccion-juridica-de-arrendamiento\/\",\"url\":\"https:\/\/eblaw.com.mx\/proteccion-juridica-de-arrendamiento\/\",\"name\":\"Protecci\u00f3n Jur\u00eddica de Arrendamiento: la tranquilidad que una propietaria merec\u00eda\",\"isPartOf\":{\"@id\":\"https:\/\/eblaw.com.mx\/#website\"},\"primaryImageOfPage\":{\"@id\":\"https:\/\/eblaw.com.mx\/proteccion-juridica-de-arrendamiento\/#primaryimage\"},\"image\":{\"@id\":\"https:\/\/eblaw.com.mx\/proteccion-juridica-de-arrendamiento\/#primaryimage\"},\"thumbnailUrl\":\"https:\/\/eblaw.com.mx\/wp-content\/uploads\/2025\/11\/001A-Poliza-arrendamiento-1.jpg\",\"datePublished\":\"2025-11-25T03:59:19+00:00\",\"dateModified\":\"2025-11-25T04:01:17+00:00\",\"description\":\"Describir un caso de \u00e9xito relacionado con la Protecci\u00f3n Jur\u00eddica de Arrendamiento en relaci\u00f3n con unos locales comerciales\",\"breadcrumb\":{\"@id\":\"https:\/\/eblaw.com.mx\/proteccion-juridica-de-arrendamiento\/#breadcrumb\"},\"inLanguage\":\"en-US\",\"potentialAction\":[{\"@type\":\"ReadAction\",\"target\":[\"https:\/\/eblaw.com.mx\/proteccion-juridica-de-arrendamiento\/\"]}]},{\"@type\":\"ImageObject\",\"inLanguage\":\"en-US\",\"@id\":\"https:\/\/eblaw.com.mx\/proteccion-juridica-de-arrendamiento\/#primaryimage\",\"url\":\"https:\/\/eblaw.com.mx\/wp-content\/uploads\/2025\/11\/001A-Poliza-arrendamiento-1.jpg\",\"contentUrl\":\"https:\/\/eblaw.com.mx\/wp-content\/uploads\/2025\/11\/001A-Poliza-arrendamiento-1.jpg\",\"width\":600,\"height\":386},{\"@type\":\"BreadcrumbList\",\"@id\":\"https:\/\/eblaw.com.mx\/proteccion-juridica-de-arrendamiento\/#breadcrumb\",\"itemListElement\":[{\"@type\":\"ListItem\",\"position\":1,\"name\":\"Portada\",\"item\":\"https:\/\/eblaw.com.mx\/\"},{\"@type\":\"ListItem\",\"position\":2,\"name\":\"Protecci\u00f3n Jur\u00eddica de Arrendamiento: la tranquilidad que una propietaria merec\u00eda\"}]},{\"@type\":\"WebSite\",\"@id\":\"https:\/\/eblaw.com.mx\/#website\",\"url\":\"https:\/\/eblaw.com.mx\/\",\"name\":\"Esponda Betancourt\",\"description\":\"Boutique Law Firm\",\"publisher\":{\"@id\":\"https:\/\/eblaw.com.mx\/#organization\"},\"alternateName\":\"Servicios legales especializados\",\"potentialAction\":[{\"@type\":\"SearchAction\",\"target\":{\"@type\":\"EntryPoint\",\"urlTemplate\":\"https:\/\/eblaw.com.mx\/?s={search_term_string}\"},\"query-input\":{\"@type\":\"PropertyValueSpecification\",\"valueRequired\":true,\"valueName\":\"search_term_string\"}}],\"inLanguage\":\"en-US\"},{\"@type\":\"Organization\",\"@id\":\"https:\/\/eblaw.com.mx\/#organization\",\"name\":\"Esponda Betancourt\",\"alternateName\":\"Servicios legales especializados\",\"url\":\"https:\/\/eblaw.com.mx\/\",\"logo\":{\"@type\":\"ImageObject\",\"inLanguage\":\"en-US\",\"@id\":\"https:\/\/eblaw.com.mx\/#\/schema\/logo\/image\/\",\"url\":\"https:\/\/eblaw.com.mx\/wp-content\/uploads\/2020\/10\/cropped-WhatsApp_Image_2020-10-02_at_11.47.24_PM-removebg-preview-2.png\",\"contentUrl\":\"https:\/\/eblaw.com.mx\/wp-content\/uploads\/2020\/10\/cropped-WhatsApp_Image_2020-10-02_at_11.47.24_PM-removebg-preview-2.png\",\"width\":403,\"height\":127,\"caption\":\"Esponda Betancourt\"},\"image\":{\"@id\":\"https:\/\/eblaw.com.mx\/#\/schema\/logo\/image\/\"}},{\"@type\":\"Person\",\"@id\":\"https:\/\/eblaw.com.mx\/#\/schema\/person\/11d2e0dcd66af9080508f6b306697e70\",\"name\":\"eblaw\",\"image\":{\"@type\":\"ImageObject\",\"inLanguage\":\"en-US\",\"@id\":\"https:\/\/eblaw.com.mx\/#\/schema\/person\/image\/\",\"url\":\"https:\/\/secure.gravatar.com\/avatar\/f8e3a95427b0499358c4cfb4beccb9d4f5174f083537e71d1072f38931eb07f1?s=96&d=mm&r=g\",\"contentUrl\":\"https:\/\/secure.gravatar.com\/avatar\/f8e3a95427b0499358c4cfb4beccb9d4f5174f083537e71d1072f38931eb07f1?s=96&d=mm&r=g\",\"caption\":\"eblaw\"},\"url\":\"https:\/\/eblaw.com.mx\/en\/author\/eblaw\/\"}]}<\/script>\n<!-- \/ Yoast SEO plugin. -->","yoast_head_json":{"title":"Protecci\u00f3n Jur\u00eddica de Arrendamiento: la tranquilidad que una propietaria merec\u00eda","description":"Describir un caso de \u00e9xito relacionado con la Protecci\u00f3n Jur\u00eddica de Arrendamiento en relaci\u00f3n con unos locales comerciales","robots":{"index":"index","follow":"follow","max-snippet":"max-snippet:-1","max-image-preview":"max-image-preview:large","max-video-preview":"max-video-preview:-1"},"canonical":"https:\/\/eblaw.com.mx\/en\/proteccion-juridica-de-arrendamiento\/","og_locale":"en_US","og_type":"article","og_title":"Protecci\u00f3n Jur\u00eddica de Arrendamiento: la tranquilidad que una propietaria merec\u00eda","og_description":"Describir un caso de \u00e9xito relacionado con la Protecci\u00f3n Jur\u00eddica de Arrendamiento en relaci\u00f3n con unos locales comerciales","og_url":"https:\/\/eblaw.com.mx\/en\/proteccion-juridica-de-arrendamiento\/","og_site_name":"Esponda Betancourt","article_published_time":"2025-11-25T03:59:19+00:00","article_modified_time":"2025-11-25T04:01:17+00:00","og_image":[{"width":600,"height":386,"url":"https:\/\/eblaw.com.mx\/wp-content\/uploads\/2025\/11\/001A-Poliza-arrendamiento-1.jpg","type":"image\/jpeg"}],"author":"eblaw","twitter_card":"summary_large_image","twitter_misc":{"Written by":"eblaw","Est. reading time":"4 minutes"},"schema":{"@context":"https:\/\/schema.org","@graph":[{"@type":"Article","@id":"https:\/\/eblaw.com.mx\/proteccion-juridica-de-arrendamiento\/#article","isPartOf":{"@id":"https:\/\/eblaw.com.mx\/proteccion-juridica-de-arrendamiento\/"},"author":{"name":"eblaw","@id":"https:\/\/eblaw.com.mx\/#\/schema\/person\/11d2e0dcd66af9080508f6b306697e70"},"headline":"Protecci\u00f3n Jur\u00eddica de Arrendamiento: la tranquilidad que una propietaria merec\u00eda","datePublished":"2025-11-25T03:59:19+00:00","dateModified":"2025-11-25T04:01:17+00:00","mainEntityOfPage":{"@id":"https:\/\/eblaw.com.mx\/proteccion-juridica-de-arrendamiento\/"},"wordCount":783,"commentCount":0,"publisher":{"@id":"https:\/\/eblaw.com.mx\/#organization"},"image":{"@id":"https:\/\/eblaw.com.mx\/proteccion-juridica-de-arrendamiento\/#primaryimage"},"thumbnailUrl":"https:\/\/eblaw.com.mx\/wp-content\/uploads\/2025\/11\/001A-Poliza-arrendamiento-1.jpg","articleSection":["Contratos","Derecho inmobiliario"],"inLanguage":"en-US","potentialAction":[{"@type":"CommentAction","name":"Comment","target":["https:\/\/eblaw.com.mx\/proteccion-juridica-de-arrendamiento\/#respond"]}]},{"@type":"WebPage","@id":"https:\/\/eblaw.com.mx\/proteccion-juridica-de-arrendamiento\/","url":"https:\/\/eblaw.com.mx\/proteccion-juridica-de-arrendamiento\/","name":"Protecci\u00f3n Jur\u00eddica de Arrendamiento: la tranquilidad que una propietaria merec\u00eda","isPartOf":{"@id":"https:\/\/eblaw.com.mx\/#website"},"primaryImageOfPage":{"@id":"https:\/\/eblaw.com.mx\/proteccion-juridica-de-arrendamiento\/#primaryimage"},"image":{"@id":"https:\/\/eblaw.com.mx\/proteccion-juridica-de-arrendamiento\/#primaryimage"},"thumbnailUrl":"https:\/\/eblaw.com.mx\/wp-content\/uploads\/2025\/11\/001A-Poliza-arrendamiento-1.jpg","datePublished":"2025-11-25T03:59:19+00:00","dateModified":"2025-11-25T04:01:17+00:00","description":"Describir un caso de \u00e9xito relacionado con la Protecci\u00f3n Jur\u00eddica de Arrendamiento en relaci\u00f3n con unos locales comerciales","breadcrumb":{"@id":"https:\/\/eblaw.com.mx\/proteccion-juridica-de-arrendamiento\/#breadcrumb"},"inLanguage":"en-US","potentialAction":[{"@type":"ReadAction","target":["https:\/\/eblaw.com.mx\/proteccion-juridica-de-arrendamiento\/"]}]},{"@type":"ImageObject","inLanguage":"en-US","@id":"https:\/\/eblaw.com.mx\/proteccion-juridica-de-arrendamiento\/#primaryimage","url":"https:\/\/eblaw.com.mx\/wp-content\/uploads\/2025\/11\/001A-Poliza-arrendamiento-1.jpg","contentUrl":"https:\/\/eblaw.com.mx\/wp-content\/uploads\/2025\/11\/001A-Poliza-arrendamiento-1.jpg","width":600,"height":386},{"@type":"BreadcrumbList","@id":"https:\/\/eblaw.com.mx\/proteccion-juridica-de-arrendamiento\/#breadcrumb","itemListElement":[{"@type":"ListItem","position":1,"name":"Portada","item":"https:\/\/eblaw.com.mx\/"},{"@type":"ListItem","position":2,"name":"Protecci\u00f3n Jur\u00eddica de Arrendamiento: la tranquilidad que una propietaria merec\u00eda"}]},{"@type":"WebSite","@id":"https:\/\/eblaw.com.mx\/#website","url":"https:\/\/eblaw.com.mx\/","name":"Esponda Betancourt","description":"Boutique Law Firm","publisher":{"@id":"https:\/\/eblaw.com.mx\/#organization"},"alternateName":"Servicios legales especializados","potentialAction":[{"@type":"SearchAction","target":{"@type":"EntryPoint","urlTemplate":"https:\/\/eblaw.com.mx\/?s={search_term_string}"},"query-input":{"@type":"PropertyValueSpecification","valueRequired":true,"valueName":"search_term_string"}}],"inLanguage":"en-US"},{"@type":"Organization","@id":"https:\/\/eblaw.com.mx\/#organization","name":"Esponda Betancourt","alternateName":"Servicios legales especializados","url":"https:\/\/eblaw.com.mx\/","logo":{"@type":"ImageObject","inLanguage":"en-US","@id":"https:\/\/eblaw.com.mx\/#\/schema\/logo\/image\/","url":"https:\/\/eblaw.com.mx\/wp-content\/uploads\/2020\/10\/cropped-WhatsApp_Image_2020-10-02_at_11.47.24_PM-removebg-preview-2.png","contentUrl":"https:\/\/eblaw.com.mx\/wp-content\/uploads\/2020\/10\/cropped-WhatsApp_Image_2020-10-02_at_11.47.24_PM-removebg-preview-2.png","width":403,"height":127,"caption":"Esponda Betancourt"},"image":{"@id":"https:\/\/eblaw.com.mx\/#\/schema\/logo\/image\/"}},{"@type":"Person","@id":"https:\/\/eblaw.com.mx\/#\/schema\/person\/11d2e0dcd66af9080508f6b306697e70","name":"eblaw","image":{"@type":"ImageObject","inLanguage":"en-US","@id":"https:\/\/eblaw.com.mx\/#\/schema\/person\/image\/","url":"https:\/\/secure.gravatar.com\/avatar\/f8e3a95427b0499358c4cfb4beccb9d4f5174f083537e71d1072f38931eb07f1?s=96&d=mm&r=g","contentUrl":"https:\/\/secure.gravatar.com\/avatar\/f8e3a95427b0499358c4cfb4beccb9d4f5174f083537e71d1072f38931eb07f1?s=96&d=mm&r=g","caption":"eblaw"},"url":"https:\/\/eblaw.com.mx\/en\/author\/eblaw\/"}]}},"_links":{"self":[{"href":"https:\/\/eblaw.com.mx\/en\/wp-json\/wp\/v2\/posts\/13881","targetHints":{"allow":["GET"]}}],"collection":[{"href":"https:\/\/eblaw.com.mx\/en\/wp-json\/wp\/v2\/posts"}],"about":[{"href":"https:\/\/eblaw.com.mx\/en\/wp-json\/wp\/v2\/types\/post"}],"author":[{"embeddable":true,"href":"https:\/\/eblaw.com.mx\/en\/wp-json\/wp\/v2\/users\/2"}],"replies":[{"embeddable":true,"href":"https:\/\/eblaw.com.mx\/en\/wp-json\/wp\/v2\/comments?post=13881"}],"version-history":[{"count":0,"href":"https:\/\/eblaw.com.mx\/en\/wp-json\/wp\/v2\/posts\/13881\/revisions"}],"wp:featuredmedia":[{"embeddable":true,"href":"https:\/\/eblaw.com.mx\/en\/wp-json\/wp\/v2\/media\/13884"}],"wp:attachment":[{"href":"https:\/\/eblaw.com.mx\/en\/wp-json\/wp\/v2\/media?parent=13881"}],"wp:term":[{"taxonomy":"category","embeddable":true,"href":"https:\/\/eblaw.com.mx\/en\/wp-json\/wp\/v2\/categories?post=13881"},{"taxonomy":"post_tag","embeddable":true,"href":"https:\/\/eblaw.com.mx\/en\/wp-json\/wp\/v2\/tags?post=13881"}],"curies":[{"name":"wp","href":"https:\/\/api.w.org\/{rel}","templated":true}]}}